{"id":4554,"date":"2024-06-03T17:30:49","date_gmt":"2024-06-03T17:30:49","guid":{"rendered":"https:\/\/bucknergt.org\/?p=4554"},"modified":"2024-06-03T18:52:23","modified_gmt":"2024-06-03T18:52:23","slug":"compartiendo-en-familia-momentos-innolvidables","status":"publish","type":"post","link":"https:\/\/bucknergt.org\/index.php\/2024\/06\/03\/compartiendo-en-familia-momentos-innolvidables\/","title":{"rendered":"\u00a1Compartiendo en familia, momentos inolvidables!"},"content":{"rendered":"\n<p>El pasado s\u00e1bado 25 de mayo, celebramos junto a las familias de nuestro Centro de Esperanza Familiar de Jocotenango, un d\u00eda lleno de alegr\u00eda y diversi\u00f3n; fortaleciendo a trav\u00e9s de esta actividad los lazos familiares y creando recuerdos inolvidables. Este evento reuni\u00f3 a decenas de familias, en un d\u00eda lleno de actividades, risas y momentos especiales.<\/p>\n\n\n\n<p>El evento tuvo lugar en un parque ecotur\u00edstico cercano, un espacio ideal, que se llen\u00f3 de diversi\u00f3n y alegr\u00eda desde la ma\u00f1ana hasta la tarde. Las familias fueron recibidas en el Centro de Esperanza Familiar de Jocotenango, moviliz\u00e1ndose en buses hacia el lugar de destino. Junto al valioso apoyo de los voluntarios, a lo largo del d\u00eda se organizaron diversas actividades dise\u00f1adas para motivar la participaci\u00f3n de cada miembro de la familia, promovieron la colaboraci\u00f3n y el esp\u00edritu de trabajo en equipo.<\/p>\n\n\n\n<p>La celebraci\u00f3n del D\u00eda de la Familia, no solo fue una oportunidad para divertirse, sino tambi\u00e9n para reconocer la importancia de la familia como pilar fundamental de nuestra sociedad guatemalteca. Este tipo de eventos resaltan el valor de la unidad familiar y el apoyo mutuo, y son esenciales para construir comunidades m\u00e1s fuertes y estables.<\/p>\n\n\n\n<p>En esta memorable actividad familiar, tambi\u00e9n se realiz\u00f3 un devocional, que resalt\u00f3 la importancia que tiene una din\u00e1mica familiar sana para el crecimiento adecuado de los ni\u00f1os y ni\u00f1as. Y para finalizar las familias disfrutaron de un delicioso almuerzo, que les permiti\u00f3 terminar el d\u00eda familiar lleno de recuerdos inolvidables.\u00a0<\/p>\n\n\n\n<p>\u00a1Gracias a cada uno de los colaboradores, voluntarios y donaciones que hicieron posible esta actividad! \u00a1Juntos hacemos brillar la esperanza!<\/p>\n\n\n\n<p>#BucknerGuatemala #Familia #Esperanza #Guatemala #Aqu\u00edBrillaLaEsperanza<\/p>\n","protected":false},"excerpt":{"rendered":"<p>El pasado s\u00e1bado 25 de mayo, celebramos junto a las familias de nuestro Centro de&#8230;<\/p>\n","protected":false},"author":1,"featured_media":4555,"comment_status":"closed","ping_status":"open","sticky":false,"template":"","format":"standard","meta":{"footnotes":""},"categories":[3],"tags":[],"class_list":["post-4554","post","type-post","status-publish","format-standard","has-post-thumbnail","hentry","category-noticia"],"_links":{"self":[{"href":"https:\/\/bucknergt.org\/index.php\/wp-json\/wp\/v2\/posts\/4554","targetHints":{"allow":["GET"]}}],"collection":[{"href":"https:\/\/bucknergt.org\/index.php\/wp-json\/wp\/v2\/posts"}],"about":[{"href":"https:\/\/bucknergt.org\/index.php\/wp-json\/wp\/v2\/types\/post"}],"author":[{"embeddable":true,"href":"https:\/\/bucknergt.org\/index.php\/wp-json\/wp\/v2\/users\/1"}],"replies":[{"embeddable":true,"href":"https:\/\/bucknergt.org\/index.php\/wp-json\/wp\/v2\/comments?post=4554"}],"version-history":[{"count":2,"href":"https:\/\/bucknergt.org\/index.php\/wp-json\/wp\/v2\/posts\/4554\/revisions"}],"predecessor-version":[{"id":4557,"href":"https:\/\/bucknergt.org\/index.php\/wp-json\/wp\/v2\/posts\/4554\/revisions\/4557"}],"wp:featuredmedia":[{"embeddable":true,"href":"https:\/\/bucknergt.org\/index.php\/wp-json\/wp\/v2\/media\/4555"}],"wp:attachment":[{"href":"https:\/\/bucknergt.org\/index.php\/wp-json\/wp\/v2\/media?parent=4554"}],"wp:term":[{"taxonomy":"category","embeddable":true,"href":"https:\/\/bucknergt.org\/index.php\/wp-json\/wp\/v2\/categories?post=4554"},{"taxonomy":"post_tag","embeddable":true,"href":"https:\/\/bucknergt.org\/index.php\/wp-json\/wp\/v2\/tags?post=4554"}],"curies":[{"name":"wp","href":"https:\/\/api.w.org\/{rel}","templated":true}]}}