{"id":3906,"date":"2022-09-19T03:26:43","date_gmt":"2022-09-19T03:26:43","guid":{"rendered":"https:\/\/bucknergt.org\/?p=3906"},"modified":"2022-10-13T03:42:32","modified_gmt":"2022-10-13T03:42:32","slug":"3906","status":"publish","type":"post","link":"https:\/\/bucknergt.org\/index.php\/2022\/09\/19\/3906\/","title":{"rendered":"Segunda edici\u00f3n de la rifa, \u201cBrilla por Guate 2022\u201d.\u200b"},"content":{"rendered":"<div class=\"xdj266r x11i5rnm xat24cr x1mh8g0r x1vvkbs x126k92a\">\n<div dir=\"auto\">Maribel Rinc\u00f3n, Directora Regional de <a class=\"x1i10hfl xjbqb8w x6umtig x1b1mbwd xaqea5y xav7gou x9f619 x1ypdohk xt0psk2 xe8uvvx xdj266r x11i5rnm xat24cr x1mh8g0r xexx8yu x4uap5 x18d9i69 xkhd6sd x16tdsg8 x1hl2dhg xggy1nq x1a2a7pz xt0b8zv x1qq9wsj xo1l8bm\" tabindex=\"0\" role=\"link\" href=\"https:\/\/www.facebook.com\/fundacionaztecaguatemala\/?__cft__[0]=AZVLqPUKbaqLs9Jdbp6GtdRvNL0Wgo9N4JLomAQu1Wilj0gZ1Oh3cHUXpkoc1UzWzKIZwxntOGZ3SMGWr9KSxlRF2-3Uwz1W0pmDD66JCiSMjGj3-zaJJC6EF_7cMnBBMSlaxNlW69j3NMW62ORmGXxPiXI60T0mvFde_Uym-oBkr9WC0M1J_KxGI9I_KOUw0RfH-LIJTJEQtcjKysPo9LiuY9llQ29X-BiifdJmI7cBWdbkudeeESfbPFLhvHeSLZk&amp;__tn__=kK-R\"><span class=\"xt0psk2\">Fundaci\u00f3n Azteca Guatemala Fazgua<\/span><\/a> &#8211; Honduras, junto a Roberto Tejada, Director Ejecutivo de <a class=\"x1i10hfl xjbqb8w x6umtig x1b1mbwd xaqea5y xav7gou x9f619 x1ypdohk xt0psk2 xe8uvvx xdj266r x11i5rnm xat24cr x1mh8g0r xexx8yu x4uap5 x18d9i69 xkhd6sd x16tdsg8 x1hl2dhg xggy1nq x1a2a7pz xt0b8zv x1qq9wsj xo1l8bm\" tabindex=\"0\" role=\"link\" href=\"https:\/\/www.facebook.com\/BucknerGuatemala\/?__cft__[0]=AZVLqPUKbaqLs9Jdbp6GtdRvNL0Wgo9N4JLomAQu1Wilj0gZ1Oh3cHUXpkoc1UzWzKIZwxntOGZ3SMGWr9KSxlRF2-3Uwz1W0pmDD66JCiSMjGj3-zaJJC6EF_7cMnBBMSlaxNlW69j3NMW62ORmGXxPiXI60T0mvFde_Uym-oBkr9WC0M1J_KxGI9I_KOUw0RfH-LIJTJEQtcjKysPo9LiuY9llQ29X-BiifdJmI7cBWdbkudeeESfbPFLhvHeSLZk&amp;__tn__=kK-R\"><span class=\"xt0psk2\">Buckner Guatemala<\/span><\/a>, han renovado su alianza estrat\u00e9gica para llevar a cabo la segunda edici\u00f3n de la rifa, &#8220;Brilla por Guate 2022&#8221;.<\/div>\n<div dir=\"auto\"><\/div>\n<\/div>\n<div class=\"x11i5rnm xat24cr x1mh8g0r x1vvkbs xtlvy1s x126k92a\">\n<div dir=\"auto\">Gracias a la primera edici\u00f3n, la rifa Brilla por Guate ha beneficiado a ni\u00f1os y familias guatemaltecas vulnerables, brindando oportunidades para alcanzar su m\u00e1ximo potencial y mejorar su calidad de vida.<\/div>\n<\/div>\n<div class=\"x11i5rnm xat24cr x1mh8g0r x1vvkbs xtlvy1s x126k92a\">\n<div dir=\"auto\">Este a\u00f1o se tendr\u00e1 a disposici\u00f3n del p\u00fablico en general, 125 mil tickets con un valor de Q. 20.00 c\/u.<\/div>\n<\/div>\n<div class=\"x11i5rnm xat24cr x1mh8g0r x1vvkbs xtlvy1s x126k92a\">\n<div dir=\"auto\">Estos se pueden adquirir en tiendas Elektra y agencias de Banco Azteca a nivel nacional, a partir del 05 de septiembre 2022 al 24 de febrero del 2023.<\/div>\n<div dir=\"auto\"><\/div>\n<\/div>\n<div class=\"x11i5rnm xat24cr x1mh8g0r x1vvkbs xtlvy1s x126k92a\">\n<div dir=\"auto\">Al adquirir los tickets brilla por guate, participas en el sorteo de premios como un pick up doble cabina Hilux 2023, dos motocicletas Italika, un televisor Samsung de 58&#8243;, una refrigeradora Cetron de 11 pies, entre otros premios.<\/div>\n<\/div>\n<div class=\"x11i5rnm xat24cr x1mh8g0r x1vvkbs xtlvy1s x126k92a\">\n<div dir=\"auto\">\u00a1Los invitamos a sumar esfuerzos y brillar por Guate!<\/div>\n<\/div>\n","protected":false},"excerpt":{"rendered":"<p>Maribel Rinc\u00f3n, Directora Regional de Fundaci\u00f3n Azteca Guatemala Fazgua &#8211; Honduras, junto a Roberto Tejada,&#8230;<\/p>\n","protected":false},"author":1,"featured_media":3911,"comment_status":"closed","ping_status":"closed","sticky":false,"template":"","format":"standard","meta":{"footnotes":""},"categories":[24],"tags":[],"class_list":["post-3906","post","type-post","status-publish","format-standard","has-post-thumbnail","hentry","category-blog"],"_links":{"self":[{"href":"https:\/\/bucknergt.org\/index.php\/wp-json\/wp\/v2\/posts\/3906","targetHints":{"allow":["GET"]}}],"collection":[{"href":"https:\/\/bucknergt.org\/index.php\/wp-json\/wp\/v2\/posts"}],"about":[{"href":"https:\/\/bucknergt.org\/index.php\/wp-json\/wp\/v2\/types\/post"}],"author":[{"embeddable":true,"href":"https:\/\/bucknergt.org\/index.php\/wp-json\/wp\/v2\/users\/1"}],"replies":[{"embeddable":true,"href":"https:\/\/bucknergt.org\/index.php\/wp-json\/wp\/v2\/comments?post=3906"}],"version-history":[{"count":3,"href":"https:\/\/bucknergt.org\/index.php\/wp-json\/wp\/v2\/posts\/3906\/revisions"}],"predecessor-version":[{"id":3912,"href":"https:\/\/bucknergt.org\/index.php\/wp-json\/wp\/v2\/posts\/3906\/revisions\/3912"}],"wp:featuredmedia":[{"embeddable":true,"href":"https:\/\/bucknergt.org\/index.php\/wp-json\/wp\/v2\/media\/3911"}],"wp:attachment":[{"href":"https:\/\/bucknergt.org\/index.php\/wp-json\/wp\/v2\/media?parent=3906"}],"wp:term":[{"taxonomy":"category","embeddable":true,"href":"https:\/\/bucknergt.org\/index.php\/wp-json\/wp\/v2\/categories?post=3906"},{"taxonomy":"post_tag","embeddable":true,"href":"https:\/\/bucknergt.org\/index.php\/wp-json\/wp\/v2\/tags?post=3906"}],"curies":[{"name":"wp","href":"https:\/\/api.w.org\/{rel}","templated":true}]}}