{"id":2942,"date":"2021-08-16T22:07:30","date_gmt":"2021-08-16T22:07:30","guid":{"rendered":"https:\/\/bucknergt.org\/?p=2942"},"modified":"2021-08-16T22:13:32","modified_gmt":"2021-08-16T22:13:32","slug":"la-historia-de-sara","status":"publish","type":"post","link":"https:\/\/bucknergt.org\/index.php\/2021\/08\/16\/la-historia-de-sara\/","title":{"rendered":"La historia de Sara"},"content":{"rendered":"<section class=\"fw-main-row-custom fw-main-row-top  auto  fw-section-position-back tf-sh-eb6bae5876b452ba55fdf62bc5769547\">\n<div class=\"fw-container\">\n<div class=\"fw-row\">\n<div id=\"column-611ae30c6f39b\" class=\"fw-col-sm-6 tf-sh-66857ca65cd23fd0279cd2965174707b\">\n<div class=\"fw-wrap-col-inner clearfix  \">\n<div class=\"fw-col-inner\">\n<div class=\"fw-block-image-parent  \" style=\"width: 100%\">\n\t\t\t<span class=\"fw-block-image-child fw-noratio fw-ratio-container\"><br \/>\n\t\t\t\t<img decoding=\"async\" src=\"https:\/\/bucknergt.org\/wp-content\/uploads\/2021\/08\/amor-familiar-700x428.jpg\" alt=\"amor-familiar-700&#215;428\" data-maxdpr=\"1.7\" class=\"lazyload\" \/>\t\t\t\t\t\t\t<\/span>\n\t\t<\/div>\n<div class=\"fw-heading fw-heading-left  fw-heading-with-subtitle tf-sh-2af5b24d72ba699429dae9c4f49b7cfb\">\n<div class=\"fw-special-subtitle\">*Algunos datos han sido cambiados por seguridad<\/div><\/div><\/div><\/div>\n<\/div>\n<div id=\"column-611ae30c70356\" class=\"fw-col-sm-6 tf-sh-f2f4aff1e497bb2e2d300a8672956cc8\">\n<div class=\"fw-wrap-col-inner clearfix  \">\n<div class=\"fw-col-inner\">\n<div class=\"fw-text-box tf-sh-f2d751f05a6bfe1cbd72c91db51ccbdd \">\n<div class=\"fw-text-inner\">\n<p style=\"text-align: left\">Las hermanitas Sara y Ester fueron diagnosticadas con desnutrici\u00f3n severa, sus pap\u00e1s no contaban con la estabilidad econ\u00f3mica y emocional por lo que fueron retiradas del cuidado de sus pap\u00e1s, en el proceso de recuperaci\u00f3n Ester lamentablemente fallece.<br \/>La Secretar\u00eda de Bienestar Social a trav\u00e9s del equipo de Buckner Guatemala, se contact\u00f3 a la familia de acogimiento temporal, Orellana Ju\u00e1rez, quienes sin dudar aceptaron cuidar de ella e hicieron brillar la esperanza en su vida.<\/p>\n<p style=\"text-align: left\">Actualmente Sara se encuentra totalmente recuperada, su estado de salud es el mejor y se desarrolla seg\u00fan lo esperado para su edad, esto gracias al cuidado especializado que le brind\u00f3 la familia de acogimiento temporal.<\/p>\n<\/p><\/div>\n<\/div>\n<div class=\"fw-divider-space space-md  clearfix\"><\/div><\/div><\/div>\n<\/div>\n<\/div><\/div>\n<\/section>\n<section class=\"fw-main-row-custom  auto  fw-section-position-back tf-sh-6421ddd11cfe2ceec258e12f0106f60d\">\n<div class=\"fw-container\">\n<div class=\"fw-row\">\n<div id=\"column-611ae30c71587\" class=\"fw-col-sm-12 tf-sh-a377b3e9ed3e5682bd91b558fe97f57a\">\n<div class=\"fw-wrap-col-inner clearfix  \">\n<div class=\"fw-col-inner\">\n<div class=\"fw-divider tf-sh-54f72c0bdb19306b071822ce2a03afe3  fw-divider-align-center fw-divider-full-width fw-line-dotted fw-divider-line space-md \" style=\"width: auto;border-color:#00337f\"><\/div>\n<div class=\"fw-divider-space space-md  clearfix\"><\/div>\n<div class=\"fw-text-box tf-sh-a11645ad9c421a1227dcf4b787d8f869 \">\n<div class=\"fw-text-inner\">\n<h4 class=\"p1\" style=\"text-align: center\"><b>Convi\u00e9rtete en una familia temporal <\/b><\/h4>\n<p class=\"p2\" style=\"text-align: center\"><i>Fortalecemos y ejecutamos el Programa de Acogimiento Familiar Temporal (Familias Sustitutas), <\/i><i>con autorizaci\u00f3n y de la mano con Secretar\u00eda de Bienestar Social de la Presidencia de la Rep\u00fablica (SBS).<\/i><\/p>\n<p class=\"p3\" style=\"text-align: center\">Si deseas m\u00e1s informaci\u00f3n para ser una familia de acogimiento temporal, por favor, ll\u00e1manos o escr\u00edbenos v\u00eda WhatsApp a nuestra l\u00ednea directa de AFT. Estaremos atendiendo todas tus inquietudes.<\/p>\n<p>&nbsp;<\/p>\n<h4 class=\"p1\" style=\"text-align: center\"><b><i>N\u00famero telef\u00f3nico:<\/i><\/b><\/h4>\n<h1 style=\"text-align: center\">4497-4040<\/h1>\n<\/p><\/div>\n<\/div>\n<div class=\"fw-divider-space space-md  clearfix\"><\/div><\/div><\/div>\n<\/div>\n<\/div><\/div>\n<\/section>\n<p><!-- be22025e688d4315af0bbe8a44a2a8be --><\/p>\n","protected":false},"excerpt":{"rendered":"<p>*Algunos datos han sido cambiados por seguridad Las hermanitas Sara y Ester fueron diagnosticadas con&#8230;<\/p>\n","protected":false},"author":1,"featured_media":0,"comment_status":"closed","ping_status":"closed","sticky":false,"template":"","format":"standard","meta":{"footnotes":""},"categories":[22],"tags":[],"class_list":["post-2942","post","type-post","status-publish","format-standard","hentry","category-historias"],"_links":{"self":[{"href":"https:\/\/bucknergt.org\/index.php\/wp-json\/wp\/v2\/posts\/2942","targetHints":{"allow":["GET"]}}],"collection":[{"href":"https:\/\/bucknergt.org\/index.php\/wp-json\/wp\/v2\/posts"}],"about":[{"href":"https:\/\/bucknergt.org\/index.php\/wp-json\/wp\/v2\/types\/post"}],"author":[{"embeddable":true,"href":"https:\/\/bucknergt.org\/index.php\/wp-json\/wp\/v2\/users\/1"}],"replies":[{"embeddable":true,"href":"https:\/\/bucknergt.org\/index.php\/wp-json\/wp\/v2\/comments?post=2942"}],"version-history":[{"count":4,"href":"https:\/\/bucknergt.org\/index.php\/wp-json\/wp\/v2\/posts\/2942\/revisions"}],"predecessor-version":[{"id":2946,"href":"https:\/\/bucknergt.org\/index.php\/wp-json\/wp\/v2\/posts\/2942\/revisions\/2946"}],"wp:attachment":[{"href":"https:\/\/bucknergt.org\/index.php\/wp-json\/wp\/v2\/media?parent=2942"}],"wp:term":[{"taxonomy":"category","embeddable":true,"href":"https:\/\/bucknergt.org\/index.php\/wp-json\/wp\/v2\/categories?post=2942"},{"taxonomy":"post_tag","embeddable":true,"href":"https:\/\/bucknergt.org\/index.php\/wp-json\/wp\/v2\/tags?post=2942"}],"curies":[{"name":"wp","href":"https:\/\/api.w.org\/{rel}","templated":true}]}}